{"id":725,"date":"2018-03-02T19:38:10","date_gmt":"2018-03-02T18:38:10","guid":{"rendered":"http:\/\/bafh-clan.de\/?p=725"},"modified":"2018-03-02T19:38:10","modified_gmt":"2018-03-02T18:38:10","slug":"bahnrad-wm-und-leichtathletik-hallen-wm-gestartet","status":"publish","type":"post","link":"http:\/\/bafh-clan.de\/?p=725","title":{"rendered":"Bahnrad WM und Leichtathletik Hallen-WM gestartet"},"content":{"rendered":"<p>Die Bahnrad WM in Apeldoorn l\u00e4uft bereits ein paar Tage; die deutschen Starter haben auch schon Medaillen eingesammelt: Gold im Damen Teamsprint, sowie im Herren Kairin Bronze. Die Leichtathletik WM ist ebenfalls schon gestartet, und eine \u00fcberraschende Bronzemedaille gab es f\u00fcr Mateusz Przybylko im Hochsprung. Konstanze Klosterhalfen erreichte \u00fcber die 3000m Platz 7, da hatte mal leise Hoffnung auf ein Edelmetall.<\/p>\n<p>Und noch was anderes: Dirk Nowitzki hat in der NBA jetzt \u00fcber 31.000 Punkte gesammelt.<\/p>\n","protected":false},"excerpt":{"rendered":"<p>Die Bahnrad WM in Apeldoorn l\u00e4uft bereits ein paar Tage; die deutschen Starter haben auch schon Medaillen eingesammelt: Gold im Damen Teamsprint, sowie im Herren Kairin Bronze. Die Leichtathletik WM ist ebenfalls schon gestartet, und eine \u00fcberraschende Bronzemedaille gab es &hellip; <a href=\"http:\/\/bafh-clan.de\/?p=725\">Weiterlesen <span class=\"meta-nav\">&rarr;<\/span><\/a><\/p>\n","protected":false},"author":2,"featured_media":0,"comment_status":"open","ping_status":"open","sticky":false,"template":"","format":"standard","meta":{"footnotes":""},"categories":[2],"tags":[],"yoast_head":"<!-- This site is optimized with the Yoast SEO plugin v21.8.1 - https:\/\/yoast.com\/wordpress\/plugins\/seo\/ -->\n<title>Bahnrad WM und Leichtathletik Hallen-WM gestartet - bafh-clan.de<\/title>\n<meta name=\"robots\" content=\"noindex, follow\" \/>\n<meta property=\"og:locale\" content=\"de_DE\" \/>\n<meta property=\"og:type\" content=\"article\" \/>\n<meta property=\"og:title\" content=\"Bahnrad WM und Leichtathletik Hallen-WM gestartet - bafh-clan.de\" \/>\n<meta property=\"og:description\" content=\"Die Bahnrad WM in Apeldoorn l\u00e4uft bereits ein paar Tage; die deutschen Starter haben auch schon Medaillen eingesammelt: Gold im Damen Teamsprint, sowie im Herren Kairin Bronze. Die Leichtathletik WM ist ebenfalls schon gestartet, und eine \u00fcberraschende Bronzemedaille gab es &hellip; Weiterlesen &rarr;\" \/>\n<meta property=\"og:url\" content=\"http:\/\/bafh-clan.de\/?p=725\" \/>\n<meta property=\"og:site_name\" content=\"bafh-clan.de\" \/>\n<meta property=\"article:published_time\" content=\"2018-03-02T18:38:10+00:00\" \/>\n<meta name=\"author\" content=\"Grobi\" \/>\n<meta name=\"twitter:card\" content=\"summary_large_image\" \/>\n<meta name=\"twitter:label1\" content=\"Verfasst von\" \/>\n\t<meta name=\"twitter:data1\" content=\"Grobi\" \/>\n<script type=\"application\/ld+json\" class=\"yoast-schema-graph\">{\"@context\":\"https:\/\/schema.org\",\"@graph\":[{\"@type\":\"WebPage\",\"@id\":\"http:\/\/bafh-clan.de\/?p=725\",\"url\":\"http:\/\/bafh-clan.de\/?p=725\",\"name\":\"Bahnrad WM und Leichtathletik Hallen-WM gestartet - bafh-clan.de\",\"isPartOf\":{\"@id\":\"http:\/\/bafh-clan.de\/#website\"},\"datePublished\":\"2018-03-02T18:38:10+00:00\",\"dateModified\":\"2018-03-02T18:38:10+00:00\",\"author\":{\"@id\":\"http:\/\/bafh-clan.de\/#\/schema\/person\/80d5ffbd4cd24ec86d510a85a892f0cc\"},\"breadcrumb\":{\"@id\":\"http:\/\/bafh-clan.de\/?p=725#breadcrumb\"},\"inLanguage\":\"de\",\"potentialAction\":[{\"@type\":\"ReadAction\",\"target\":[\"http:\/\/bafh-clan.de\/?p=725\"]}]},{\"@type\":\"BreadcrumbList\",\"@id\":\"http:\/\/bafh-clan.de\/?p=725#breadcrumb\",\"itemListElement\":[{\"@type\":\"ListItem\",\"position\":1,\"name\":\"Startseite\",\"item\":\"http:\/\/bafh-clan.de\/\"},{\"@type\":\"ListItem\",\"position\":2,\"name\":\"Bahnrad WM und Leichtathletik Hallen-WM gestartet\"}]},{\"@type\":\"WebSite\",\"@id\":\"http:\/\/bafh-clan.de\/#website\",\"url\":\"http:\/\/bafh-clan.de\/\",\"name\":\"bafh-clan.de\",\"description\":\"Wo Nerds und Spackn zu Hause sind\",\"potentialAction\":[{\"@type\":\"SearchAction\",\"target\":{\"@type\":\"EntryPoint\",\"urlTemplate\":\"http:\/\/bafh-clan.de\/?s={search_term_string}\"},\"query-input\":\"required name=search_term_string\"}],\"inLanguage\":\"de\"},{\"@type\":\"Person\",\"@id\":\"http:\/\/bafh-clan.de\/#\/schema\/person\/80d5ffbd4cd24ec86d510a85a892f0cc\",\"name\":\"Grobi\",\"image\":{\"@type\":\"ImageObject\",\"inLanguage\":\"de\",\"@id\":\"http:\/\/bafh-clan.de\/#\/schema\/person\/image\/\",\"url\":\"http:\/\/0.gravatar.com\/avatar\/341aaebda59ef085cd5b5f9701e4dd04?s=96&d=mm&r=g\",\"contentUrl\":\"http:\/\/0.gravatar.com\/avatar\/341aaebda59ef085cd5b5f9701e4dd04?s=96&d=mm&r=g\",\"caption\":\"Grobi\"}}]}<\/script>\n<!-- \/ Yoast SEO plugin. -->","yoast_head_json":{"title":"Bahnrad WM und Leichtathletik Hallen-WM gestartet - bafh-clan.de","robots":{"index":"noindex","follow":"follow"},"og_locale":"de_DE","og_type":"article","og_title":"Bahnrad WM und Leichtathletik Hallen-WM gestartet - bafh-clan.de","og_description":"Die Bahnrad WM in Apeldoorn l\u00e4uft bereits ein paar Tage; die deutschen Starter haben auch schon Medaillen eingesammelt: Gold im Damen Teamsprint, sowie im Herren Kairin Bronze. Die Leichtathletik WM ist ebenfalls schon gestartet, und eine \u00fcberraschende Bronzemedaille gab es &hellip; Weiterlesen &rarr;","og_url":"http:\/\/bafh-clan.de\/?p=725","og_site_name":"bafh-clan.de","article_published_time":"2018-03-02T18:38:10+00:00","author":"Grobi","twitter_card":"summary_large_image","twitter_misc":{"Verfasst von":"Grobi"},"schema":{"@context":"https:\/\/schema.org","@graph":[{"@type":"WebPage","@id":"http:\/\/bafh-clan.de\/?p=725","url":"http:\/\/bafh-clan.de\/?p=725","name":"Bahnrad WM und Leichtathletik Hallen-WM gestartet - bafh-clan.de","isPartOf":{"@id":"http:\/\/bafh-clan.de\/#website"},"datePublished":"2018-03-02T18:38:10+00:00","dateModified":"2018-03-02T18:38:10+00:00","author":{"@id":"http:\/\/bafh-clan.de\/#\/schema\/person\/80d5ffbd4cd24ec86d510a85a892f0cc"},"breadcrumb":{"@id":"http:\/\/bafh-clan.de\/?p=725#breadcrumb"},"inLanguage":"de","potentialAction":[{"@type":"ReadAction","target":["http:\/\/bafh-clan.de\/?p=725"]}]},{"@type":"BreadcrumbList","@id":"http:\/\/bafh-clan.de\/?p=725#breadcrumb","itemListElement":[{"@type":"ListItem","position":1,"name":"Startseite","item":"http:\/\/bafh-clan.de\/"},{"@type":"ListItem","position":2,"name":"Bahnrad WM und Leichtathletik Hallen-WM gestartet"}]},{"@type":"WebSite","@id":"http:\/\/bafh-clan.de\/#website","url":"http:\/\/bafh-clan.de\/","name":"bafh-clan.de","description":"Wo Nerds und Spackn zu Hause sind","potentialAction":[{"@type":"SearchAction","target":{"@type":"EntryPoint","urlTemplate":"http:\/\/bafh-clan.de\/?s={search_term_string}"},"query-input":"required name=search_term_string"}],"inLanguage":"de"},{"@type":"Person","@id":"http:\/\/bafh-clan.de\/#\/schema\/person\/80d5ffbd4cd24ec86d510a85a892f0cc","name":"Grobi","image":{"@type":"ImageObject","inLanguage":"de","@id":"http:\/\/bafh-clan.de\/#\/schema\/person\/image\/","url":"http:\/\/0.gravatar.com\/avatar\/341aaebda59ef085cd5b5f9701e4dd04?s=96&d=mm&r=g","contentUrl":"http:\/\/0.gravatar.com\/avatar\/341aaebda59ef085cd5b5f9701e4dd04?s=96&d=mm&r=g","caption":"Grobi"}}]}},"_links":{"self":[{"href":"http:\/\/bafh-clan.de\/index.php?rest_route=\/wp\/v2\/posts\/725"}],"collection":[{"href":"http:\/\/bafh-clan.de\/index.php?rest_route=\/wp\/v2\/posts"}],"about":[{"href":"http:\/\/bafh-clan.de\/index.php?rest_route=\/wp\/v2\/types\/post"}],"author":[{"embeddable":true,"href":"http:\/\/bafh-clan.de\/index.php?rest_route=\/wp\/v2\/users\/2"}],"replies":[{"embeddable":true,"href":"http:\/\/bafh-clan.de\/index.php?rest_route=%2Fwp%2Fv2%2Fcomments&post=725"}],"version-history":[{"count":1,"href":"http:\/\/bafh-clan.de\/index.php?rest_route=\/wp\/v2\/posts\/725\/revisions"}],"predecessor-version":[{"id":726,"href":"http:\/\/bafh-clan.de\/index.php?rest_route=\/wp\/v2\/posts\/725\/revisions\/726"}],"wp:attachment":[{"href":"http:\/\/bafh-clan.de\/index.php?rest_route=%2Fwp%2Fv2%2Fmedia&parent=725"}],"wp:term":[{"taxonomy":"category","embeddable":true,"href":"http:\/\/bafh-clan.de\/index.php?rest_route=%2Fwp%2Fv2%2Fcategories&post=725"},{"taxonomy":"post_tag","embeddable":true,"href":"http:\/\/bafh-clan.de\/index.php?rest_route=%2Fwp%2Fv2%2Ftags&post=725"}],"curies":[{"name":"wp","href":"https:\/\/api.w.org\/{rel}","templated":true}]}}