{"id":405,"date":"2017-07-26T10:13:38","date_gmt":"2017-07-26T08:13:38","guid":{"rendered":"http:\/\/bafh-clan.de\/?p=405"},"modified":"2017-07-26T10:13:38","modified_gmt":"2017-07-26T08:13:38","slug":"die-automobilindustrie","status":"publish","type":"post","link":"http:\/\/bafh-clan.de\/?p=405","title":{"rendered":"Die Automobilindustrie&#8230;"},"content":{"rendered":"<p>&#8230;in Deutschland will Tesla anscheinend nicht kampflos den Markt f\u00fcr E-Autos \u00fcberlassen. Nach diversen Verlautbarungen der gro\u00dfen deutschen Hersteller hat BMW mit dem Mini einen weiteren Wagen angek\u00fcndigt, den es auch rein elektrisch geben wird (allerdings erst ab 2019). Gebaut wird in England, der Antriebsstrang kommt aus Deutschland.<\/p>\n","protected":false},"excerpt":{"rendered":"<p>&#8230;in Deutschland will Tesla anscheinend nicht kampflos den Markt f\u00fcr E-Autos \u00fcberlassen. Nach diversen Verlautbarungen der gro\u00dfen deutschen Hersteller hat BMW mit dem Mini einen weiteren Wagen angek\u00fcndigt, den es auch rein elektrisch geben wird (allerdings erst ab 2019). Gebaut &hellip; <a href=\"http:\/\/bafh-clan.de\/?p=405\">Weiterlesen <span class=\"meta-nav\">&rarr;<\/span><\/a><\/p>\n","protected":false},"author":2,"featured_media":0,"comment_status":"open","ping_status":"open","sticky":false,"template":"","format":"standard","meta":{"footnotes":""},"categories":[3],"tags":[],"yoast_head":"<!-- This site is optimized with the Yoast SEO plugin v21.8.1 - https:\/\/yoast.com\/wordpress\/plugins\/seo\/ -->\n<title>Die Automobilindustrie... - bafh-clan.de<\/title>\n<meta name=\"robots\" content=\"noindex, follow\" \/>\n<meta property=\"og:locale\" content=\"de_DE\" \/>\n<meta property=\"og:type\" content=\"article\" \/>\n<meta property=\"og:title\" content=\"Die Automobilindustrie... - bafh-clan.de\" \/>\n<meta property=\"og:description\" content=\"&#8230;in Deutschland will Tesla anscheinend nicht kampflos den Markt f\u00fcr E-Autos \u00fcberlassen. Nach diversen Verlautbarungen der gro\u00dfen deutschen Hersteller hat BMW mit dem Mini einen weiteren Wagen angek\u00fcndigt, den es auch rein elektrisch geben wird (allerdings erst ab 2019). Gebaut &hellip; Weiterlesen &rarr;\" \/>\n<meta property=\"og:url\" content=\"http:\/\/bafh-clan.de\/?p=405\" \/>\n<meta property=\"og:site_name\" content=\"bafh-clan.de\" \/>\n<meta property=\"article:published_time\" content=\"2017-07-26T08:13:38+00:00\" \/>\n<meta name=\"author\" content=\"Grobi\" \/>\n<meta name=\"twitter:card\" content=\"summary_large_image\" \/>\n<meta name=\"twitter:label1\" content=\"Verfasst von\" \/>\n\t<meta name=\"twitter:data1\" content=\"Grobi\" \/>\n<script type=\"application\/ld+json\" class=\"yoast-schema-graph\">{\"@context\":\"https:\/\/schema.org\",\"@graph\":[{\"@type\":\"WebPage\",\"@id\":\"http:\/\/bafh-clan.de\/?p=405\",\"url\":\"http:\/\/bafh-clan.de\/?p=405\",\"name\":\"Die Automobilindustrie... - bafh-clan.de\",\"isPartOf\":{\"@id\":\"http:\/\/bafh-clan.de\/#website\"},\"datePublished\":\"2017-07-26T08:13:38+00:00\",\"dateModified\":\"2017-07-26T08:13:38+00:00\",\"author\":{\"@id\":\"http:\/\/bafh-clan.de\/#\/schema\/person\/80d5ffbd4cd24ec86d510a85a892f0cc\"},\"breadcrumb\":{\"@id\":\"http:\/\/bafh-clan.de\/?p=405#breadcrumb\"},\"inLanguage\":\"de\",\"potentialAction\":[{\"@type\":\"ReadAction\",\"target\":[\"http:\/\/bafh-clan.de\/?p=405\"]}]},{\"@type\":\"BreadcrumbList\",\"@id\":\"http:\/\/bafh-clan.de\/?p=405#breadcrumb\",\"itemListElement\":[{\"@type\":\"ListItem\",\"position\":1,\"name\":\"Startseite\",\"item\":\"http:\/\/bafh-clan.de\/\"},{\"@type\":\"ListItem\",\"position\":2,\"name\":\"Die Automobilindustrie&#8230;\"}]},{\"@type\":\"WebSite\",\"@id\":\"http:\/\/bafh-clan.de\/#website\",\"url\":\"http:\/\/bafh-clan.de\/\",\"name\":\"bafh-clan.de\",\"description\":\"Wo Nerds und Spackn zu Hause sind\",\"potentialAction\":[{\"@type\":\"SearchAction\",\"target\":{\"@type\":\"EntryPoint\",\"urlTemplate\":\"http:\/\/bafh-clan.de\/?s={search_term_string}\"},\"query-input\":\"required name=search_term_string\"}],\"inLanguage\":\"de\"},{\"@type\":\"Person\",\"@id\":\"http:\/\/bafh-clan.de\/#\/schema\/person\/80d5ffbd4cd24ec86d510a85a892f0cc\",\"name\":\"Grobi\",\"image\":{\"@type\":\"ImageObject\",\"inLanguage\":\"de\",\"@id\":\"http:\/\/bafh-clan.de\/#\/schema\/person\/image\/\",\"url\":\"http:\/\/0.gravatar.com\/avatar\/341aaebda59ef085cd5b5f9701e4dd04?s=96&d=mm&r=g\",\"contentUrl\":\"http:\/\/0.gravatar.com\/avatar\/341aaebda59ef085cd5b5f9701e4dd04?s=96&d=mm&r=g\",\"caption\":\"Grobi\"}}]}<\/script>\n<!-- \/ Yoast SEO plugin. -->","yoast_head_json":{"title":"Die Automobilindustrie... - bafh-clan.de","robots":{"index":"noindex","follow":"follow"},"og_locale":"de_DE","og_type":"article","og_title":"Die Automobilindustrie... - bafh-clan.de","og_description":"&#8230;in Deutschland will Tesla anscheinend nicht kampflos den Markt f\u00fcr E-Autos \u00fcberlassen. Nach diversen Verlautbarungen der gro\u00dfen deutschen Hersteller hat BMW mit dem Mini einen weiteren Wagen angek\u00fcndigt, den es auch rein elektrisch geben wird (allerdings erst ab 2019). Gebaut &hellip; Weiterlesen &rarr;","og_url":"http:\/\/bafh-clan.de\/?p=405","og_site_name":"bafh-clan.de","article_published_time":"2017-07-26T08:13:38+00:00","author":"Grobi","twitter_card":"summary_large_image","twitter_misc":{"Verfasst von":"Grobi"},"schema":{"@context":"https:\/\/schema.org","@graph":[{"@type":"WebPage","@id":"http:\/\/bafh-clan.de\/?p=405","url":"http:\/\/bafh-clan.de\/?p=405","name":"Die Automobilindustrie... - bafh-clan.de","isPartOf":{"@id":"http:\/\/bafh-clan.de\/#website"},"datePublished":"2017-07-26T08:13:38+00:00","dateModified":"2017-07-26T08:13:38+00:00","author":{"@id":"http:\/\/bafh-clan.de\/#\/schema\/person\/80d5ffbd4cd24ec86d510a85a892f0cc"},"breadcrumb":{"@id":"http:\/\/bafh-clan.de\/?p=405#breadcrumb"},"inLanguage":"de","potentialAction":[{"@type":"ReadAction","target":["http:\/\/bafh-clan.de\/?p=405"]}]},{"@type":"BreadcrumbList","@id":"http:\/\/bafh-clan.de\/?p=405#breadcrumb","itemListElement":[{"@type":"ListItem","position":1,"name":"Startseite","item":"http:\/\/bafh-clan.de\/"},{"@type":"ListItem","position":2,"name":"Die Automobilindustrie&#8230;"}]},{"@type":"WebSite","@id":"http:\/\/bafh-clan.de\/#website","url":"http:\/\/bafh-clan.de\/","name":"bafh-clan.de","description":"Wo Nerds und Spackn zu Hause sind","potentialAction":[{"@type":"SearchAction","target":{"@type":"EntryPoint","urlTemplate":"http:\/\/bafh-clan.de\/?s={search_term_string}"},"query-input":"required name=search_term_string"}],"inLanguage":"de"},{"@type":"Person","@id":"http:\/\/bafh-clan.de\/#\/schema\/person\/80d5ffbd4cd24ec86d510a85a892f0cc","name":"Grobi","image":{"@type":"ImageObject","inLanguage":"de","@id":"http:\/\/bafh-clan.de\/#\/schema\/person\/image\/","url":"http:\/\/0.gravatar.com\/avatar\/341aaebda59ef085cd5b5f9701e4dd04?s=96&d=mm&r=g","contentUrl":"http:\/\/0.gravatar.com\/avatar\/341aaebda59ef085cd5b5f9701e4dd04?s=96&d=mm&r=g","caption":"Grobi"}}]}},"_links":{"self":[{"href":"http:\/\/bafh-clan.de\/index.php?rest_route=\/wp\/v2\/posts\/405"}],"collection":[{"href":"http:\/\/bafh-clan.de\/index.php?rest_route=\/wp\/v2\/posts"}],"about":[{"href":"http:\/\/bafh-clan.de\/index.php?rest_route=\/wp\/v2\/types\/post"}],"author":[{"embeddable":true,"href":"http:\/\/bafh-clan.de\/index.php?rest_route=\/wp\/v2\/users\/2"}],"replies":[{"embeddable":true,"href":"http:\/\/bafh-clan.de\/index.php?rest_route=%2Fwp%2Fv2%2Fcomments&post=405"}],"version-history":[{"count":1,"href":"http:\/\/bafh-clan.de\/index.php?rest_route=\/wp\/v2\/posts\/405\/revisions"}],"predecessor-version":[{"id":406,"href":"http:\/\/bafh-clan.de\/index.php?rest_route=\/wp\/v2\/posts\/405\/revisions\/406"}],"wp:attachment":[{"href":"http:\/\/bafh-clan.de\/index.php?rest_route=%2Fwp%2Fv2%2Fmedia&parent=405"}],"wp:term":[{"taxonomy":"category","embeddable":true,"href":"http:\/\/bafh-clan.de\/index.php?rest_route=%2Fwp%2Fv2%2Fcategories&post=405"},{"taxonomy":"post_tag","embeddable":true,"href":"http:\/\/bafh-clan.de\/index.php?rest_route=%2Fwp%2Fv2%2Ftags&post=405"}],"curies":[{"name":"wp","href":"https:\/\/api.w.org\/{rel}","templated":true}]}}