{"id":374,"date":"2017-07-05T17:50:40","date_gmt":"2017-07-05T15:50:40","guid":{"rendered":"http:\/\/bafh-clan.de\/?p=374"},"modified":"2017-07-05T17:50:40","modified_gmt":"2017-07-05T15:50:40","slug":"tour-de-france-sagan-disqualifiziert","status":"publish","type":"post","link":"http:\/\/bafh-clan.de\/?p=374","title":{"rendered":"Tour de France: Sagan disqualifiziert"},"content":{"rendered":"<p>Ich muss ja zugeben, das ich mir relativ gerne die Tour de France anschaue. Nach der gestrigen Etappe wurde dann Peter Sagan disqualifiziert (umfangreiche Berichterstattung zur Tour auf <a href=\"http:\/\/www.sportschau.de\/\" target=\"_blank\" rel=\"noopener\">sportschau.de<\/a>). Der Grund war seine Verwicklung in den Sturz beim Zielsprint. Eigentlich schade, Sagan ist einer der interessanteren Rennfahrer. Und aufgrund der Bilder kann man auch der Meinung sein, das Cavendish selbst schuld ist und Sagan den Ellbogen erst draussen hatte, als Cavendish bereits dabei war zu st\u00fcrzen. Bei der heutigen Etappe siegte \u00fcbrigens Fabio Aru, das Gelbe Trikot des Gesamtf\u00fchrenden \u00fcbernahm Christopher Froome.<\/p>\n","protected":false},"excerpt":{"rendered":"<p>Ich muss ja zugeben, das ich mir relativ gerne die Tour de France anschaue. Nach der gestrigen Etappe wurde dann Peter Sagan disqualifiziert (umfangreiche Berichterstattung zur Tour auf sportschau.de). Der Grund war seine Verwicklung in den Sturz beim Zielsprint. Eigentlich &hellip; <a href=\"http:\/\/bafh-clan.de\/?p=374\">Weiterlesen <span class=\"meta-nav\">&rarr;<\/span><\/a><\/p>\n","protected":false},"author":2,"featured_media":0,"comment_status":"open","ping_status":"open","sticky":false,"template":"","format":"standard","meta":{"footnotes":""},"categories":[2],"tags":[],"yoast_head":"<!-- This site is optimized with the Yoast SEO plugin v21.8.1 - https:\/\/yoast.com\/wordpress\/plugins\/seo\/ -->\n<title>Tour de France: Sagan disqualifiziert - bafh-clan.de<\/title>\n<meta name=\"robots\" content=\"noindex, follow\" \/>\n<meta property=\"og:locale\" content=\"de_DE\" \/>\n<meta property=\"og:type\" content=\"article\" \/>\n<meta property=\"og:title\" content=\"Tour de France: Sagan disqualifiziert - bafh-clan.de\" \/>\n<meta property=\"og:description\" content=\"Ich muss ja zugeben, das ich mir relativ gerne die Tour de France anschaue. Nach der gestrigen Etappe wurde dann Peter Sagan disqualifiziert (umfangreiche Berichterstattung zur Tour auf sportschau.de). Der Grund war seine Verwicklung in den Sturz beim Zielsprint. Eigentlich &hellip; Weiterlesen &rarr;\" \/>\n<meta property=\"og:url\" content=\"http:\/\/bafh-clan.de\/?p=374\" \/>\n<meta property=\"og:site_name\" content=\"bafh-clan.de\" \/>\n<meta property=\"article:published_time\" content=\"2017-07-05T15:50:40+00:00\" \/>\n<meta name=\"author\" content=\"Grobi\" \/>\n<meta name=\"twitter:card\" content=\"summary_large_image\" \/>\n<meta name=\"twitter:label1\" content=\"Verfasst von\" \/>\n\t<meta name=\"twitter:data1\" content=\"Grobi\" \/>\n<script type=\"application\/ld+json\" class=\"yoast-schema-graph\">{\"@context\":\"https:\/\/schema.org\",\"@graph\":[{\"@type\":\"WebPage\",\"@id\":\"http:\/\/bafh-clan.de\/?p=374\",\"url\":\"http:\/\/bafh-clan.de\/?p=374\",\"name\":\"Tour de France: Sagan disqualifiziert - bafh-clan.de\",\"isPartOf\":{\"@id\":\"http:\/\/bafh-clan.de\/#website\"},\"datePublished\":\"2017-07-05T15:50:40+00:00\",\"dateModified\":\"2017-07-05T15:50:40+00:00\",\"author\":{\"@id\":\"http:\/\/bafh-clan.de\/#\/schema\/person\/80d5ffbd4cd24ec86d510a85a892f0cc\"},\"breadcrumb\":{\"@id\":\"http:\/\/bafh-clan.de\/?p=374#breadcrumb\"},\"inLanguage\":\"de\",\"potentialAction\":[{\"@type\":\"ReadAction\",\"target\":[\"http:\/\/bafh-clan.de\/?p=374\"]}]},{\"@type\":\"BreadcrumbList\",\"@id\":\"http:\/\/bafh-clan.de\/?p=374#breadcrumb\",\"itemListElement\":[{\"@type\":\"ListItem\",\"position\":1,\"name\":\"Startseite\",\"item\":\"http:\/\/bafh-clan.de\/\"},{\"@type\":\"ListItem\",\"position\":2,\"name\":\"Tour de France: Sagan disqualifiziert\"}]},{\"@type\":\"WebSite\",\"@id\":\"http:\/\/bafh-clan.de\/#website\",\"url\":\"http:\/\/bafh-clan.de\/\",\"name\":\"bafh-clan.de\",\"description\":\"Wo Nerds und Spackn zu Hause sind\",\"potentialAction\":[{\"@type\":\"SearchAction\",\"target\":{\"@type\":\"EntryPoint\",\"urlTemplate\":\"http:\/\/bafh-clan.de\/?s={search_term_string}\"},\"query-input\":\"required name=search_term_string\"}],\"inLanguage\":\"de\"},{\"@type\":\"Person\",\"@id\":\"http:\/\/bafh-clan.de\/#\/schema\/person\/80d5ffbd4cd24ec86d510a85a892f0cc\",\"name\":\"Grobi\",\"image\":{\"@type\":\"ImageObject\",\"inLanguage\":\"de\",\"@id\":\"http:\/\/bafh-clan.de\/#\/schema\/person\/image\/\",\"url\":\"http:\/\/0.gravatar.com\/avatar\/341aaebda59ef085cd5b5f9701e4dd04?s=96&d=mm&r=g\",\"contentUrl\":\"http:\/\/0.gravatar.com\/avatar\/341aaebda59ef085cd5b5f9701e4dd04?s=96&d=mm&r=g\",\"caption\":\"Grobi\"}}]}<\/script>\n<!-- \/ Yoast SEO plugin. -->","yoast_head_json":{"title":"Tour de France: Sagan disqualifiziert - bafh-clan.de","robots":{"index":"noindex","follow":"follow"},"og_locale":"de_DE","og_type":"article","og_title":"Tour de France: Sagan disqualifiziert - bafh-clan.de","og_description":"Ich muss ja zugeben, das ich mir relativ gerne die Tour de France anschaue. Nach der gestrigen Etappe wurde dann Peter Sagan disqualifiziert (umfangreiche Berichterstattung zur Tour auf sportschau.de). Der Grund war seine Verwicklung in den Sturz beim Zielsprint. Eigentlich &hellip; Weiterlesen &rarr;","og_url":"http:\/\/bafh-clan.de\/?p=374","og_site_name":"bafh-clan.de","article_published_time":"2017-07-05T15:50:40+00:00","author":"Grobi","twitter_card":"summary_large_image","twitter_misc":{"Verfasst von":"Grobi"},"schema":{"@context":"https:\/\/schema.org","@graph":[{"@type":"WebPage","@id":"http:\/\/bafh-clan.de\/?p=374","url":"http:\/\/bafh-clan.de\/?p=374","name":"Tour de France: Sagan disqualifiziert - bafh-clan.de","isPartOf":{"@id":"http:\/\/bafh-clan.de\/#website"},"datePublished":"2017-07-05T15:50:40+00:00","dateModified":"2017-07-05T15:50:40+00:00","author":{"@id":"http:\/\/bafh-clan.de\/#\/schema\/person\/80d5ffbd4cd24ec86d510a85a892f0cc"},"breadcrumb":{"@id":"http:\/\/bafh-clan.de\/?p=374#breadcrumb"},"inLanguage":"de","potentialAction":[{"@type":"ReadAction","target":["http:\/\/bafh-clan.de\/?p=374"]}]},{"@type":"BreadcrumbList","@id":"http:\/\/bafh-clan.de\/?p=374#breadcrumb","itemListElement":[{"@type":"ListItem","position":1,"name":"Startseite","item":"http:\/\/bafh-clan.de\/"},{"@type":"ListItem","position":2,"name":"Tour de France: Sagan disqualifiziert"}]},{"@type":"WebSite","@id":"http:\/\/bafh-clan.de\/#website","url":"http:\/\/bafh-clan.de\/","name":"bafh-clan.de","description":"Wo Nerds und Spackn zu Hause sind","potentialAction":[{"@type":"SearchAction","target":{"@type":"EntryPoint","urlTemplate":"http:\/\/bafh-clan.de\/?s={search_term_string}"},"query-input":"required name=search_term_string"}],"inLanguage":"de"},{"@type":"Person","@id":"http:\/\/bafh-clan.de\/#\/schema\/person\/80d5ffbd4cd24ec86d510a85a892f0cc","name":"Grobi","image":{"@type":"ImageObject","inLanguage":"de","@id":"http:\/\/bafh-clan.de\/#\/schema\/person\/image\/","url":"http:\/\/0.gravatar.com\/avatar\/341aaebda59ef085cd5b5f9701e4dd04?s=96&d=mm&r=g","contentUrl":"http:\/\/0.gravatar.com\/avatar\/341aaebda59ef085cd5b5f9701e4dd04?s=96&d=mm&r=g","caption":"Grobi"}}]}},"_links":{"self":[{"href":"http:\/\/bafh-clan.de\/index.php?rest_route=\/wp\/v2\/posts\/374"}],"collection":[{"href":"http:\/\/bafh-clan.de\/index.php?rest_route=\/wp\/v2\/posts"}],"about":[{"href":"http:\/\/bafh-clan.de\/index.php?rest_route=\/wp\/v2\/types\/post"}],"author":[{"embeddable":true,"href":"http:\/\/bafh-clan.de\/index.php?rest_route=\/wp\/v2\/users\/2"}],"replies":[{"embeddable":true,"href":"http:\/\/bafh-clan.de\/index.php?rest_route=%2Fwp%2Fv2%2Fcomments&post=374"}],"version-history":[{"count":1,"href":"http:\/\/bafh-clan.de\/index.php?rest_route=\/wp\/v2\/posts\/374\/revisions"}],"predecessor-version":[{"id":375,"href":"http:\/\/bafh-clan.de\/index.php?rest_route=\/wp\/v2\/posts\/374\/revisions\/375"}],"wp:attachment":[{"href":"http:\/\/bafh-clan.de\/index.php?rest_route=%2Fwp%2Fv2%2Fmedia&parent=374"}],"wp:term":[{"taxonomy":"category","embeddable":true,"href":"http:\/\/bafh-clan.de\/index.php?rest_route=%2Fwp%2Fv2%2Fcategories&post=374"},{"taxonomy":"post_tag","embeddable":true,"href":"http:\/\/bafh-clan.de\/index.php?rest_route=%2Fwp%2Fv2%2Ftags&post=374"}],"curies":[{"name":"wp","href":"https:\/\/api.w.org\/{rel}","templated":true}]}}