{"id":369,"date":"2017-07-01T06:17:13","date_gmt":"2017-07-01T04:17:13","guid":{"rendered":"http:\/\/bafh-clan.de\/?p=369"},"modified":"2017-07-01T06:17:13","modified_gmt":"2017-07-01T04:17:13","slug":"start-der-tour-de-france","status":"publish","type":"post","link":"http:\/\/bafh-clan.de\/?p=369","title":{"rendered":"Start der Tour de France"},"content":{"rendered":"<p>Die diesj\u00e4hrige Tour de France beginnt heute, und zwar mit einem Einzelzeitfahren in D\u00fcsseldorf. Auch die morgige Etappe startet in D\u00fcsseldorf und f\u00fchrt dann nach L\u00fcttich. Also eine gute Chance f\u00fcr die Radsportbegeisterten, die Tour in Deutschland einmal hautnah zu erleben. Ausf\u00fchrliche Informationen gibt es auf der <a href=\"http:\/\/www.sportschau.de\/tourdefrance\/index.html\" target=\"_blank\" rel=\"noopener\">Tour Seite<\/a>\u00a0der Sportschau.<\/p>\n","protected":false},"excerpt":{"rendered":"<p>Die diesj\u00e4hrige Tour de France beginnt heute, und zwar mit einem Einzelzeitfahren in D\u00fcsseldorf. Auch die morgige Etappe startet in D\u00fcsseldorf und f\u00fchrt dann nach L\u00fcttich. Also eine gute Chance f\u00fcr die Radsportbegeisterten, die Tour in Deutschland einmal hautnah zu &hellip; <a href=\"http:\/\/bafh-clan.de\/?p=369\">Weiterlesen <span class=\"meta-nav\">&rarr;<\/span><\/a><\/p>\n","protected":false},"author":2,"featured_media":0,"comment_status":"open","ping_status":"open","sticky":false,"template":"","format":"standard","meta":{"footnotes":""},"categories":[2],"tags":[],"yoast_head":"<!-- This site is optimized with the Yoast SEO plugin v21.8.1 - https:\/\/yoast.com\/wordpress\/plugins\/seo\/ -->\n<title>Start der Tour de France - bafh-clan.de<\/title>\n<meta name=\"robots\" content=\"noindex, follow\" \/>\n<meta property=\"og:locale\" content=\"de_DE\" \/>\n<meta property=\"og:type\" content=\"article\" \/>\n<meta property=\"og:title\" content=\"Start der Tour de France - bafh-clan.de\" \/>\n<meta property=\"og:description\" content=\"Die diesj\u00e4hrige Tour de France beginnt heute, und zwar mit einem Einzelzeitfahren in D\u00fcsseldorf. Auch die morgige Etappe startet in D\u00fcsseldorf und f\u00fchrt dann nach L\u00fcttich. Also eine gute Chance f\u00fcr die Radsportbegeisterten, die Tour in Deutschland einmal hautnah zu &hellip; Weiterlesen &rarr;\" \/>\n<meta property=\"og:url\" content=\"http:\/\/bafh-clan.de\/?p=369\" \/>\n<meta property=\"og:site_name\" content=\"bafh-clan.de\" \/>\n<meta property=\"article:published_time\" content=\"2017-07-01T04:17:13+00:00\" \/>\n<meta name=\"author\" content=\"Grobi\" \/>\n<meta name=\"twitter:card\" content=\"summary_large_image\" \/>\n<meta name=\"twitter:label1\" content=\"Verfasst von\" \/>\n\t<meta name=\"twitter:data1\" content=\"Grobi\" \/>\n<script type=\"application\/ld+json\" class=\"yoast-schema-graph\">{\"@context\":\"https:\/\/schema.org\",\"@graph\":[{\"@type\":\"WebPage\",\"@id\":\"http:\/\/bafh-clan.de\/?p=369\",\"url\":\"http:\/\/bafh-clan.de\/?p=369\",\"name\":\"Start der Tour de France - bafh-clan.de\",\"isPartOf\":{\"@id\":\"http:\/\/bafh-clan.de\/#website\"},\"datePublished\":\"2017-07-01T04:17:13+00:00\",\"dateModified\":\"2017-07-01T04:17:13+00:00\",\"author\":{\"@id\":\"http:\/\/bafh-clan.de\/#\/schema\/person\/80d5ffbd4cd24ec86d510a85a892f0cc\"},\"breadcrumb\":{\"@id\":\"http:\/\/bafh-clan.de\/?p=369#breadcrumb\"},\"inLanguage\":\"de\",\"potentialAction\":[{\"@type\":\"ReadAction\",\"target\":[\"http:\/\/bafh-clan.de\/?p=369\"]}]},{\"@type\":\"BreadcrumbList\",\"@id\":\"http:\/\/bafh-clan.de\/?p=369#breadcrumb\",\"itemListElement\":[{\"@type\":\"ListItem\",\"position\":1,\"name\":\"Startseite\",\"item\":\"http:\/\/bafh-clan.de\/\"},{\"@type\":\"ListItem\",\"position\":2,\"name\":\"Start der Tour de France\"}]},{\"@type\":\"WebSite\",\"@id\":\"http:\/\/bafh-clan.de\/#website\",\"url\":\"http:\/\/bafh-clan.de\/\",\"name\":\"bafh-clan.de\",\"description\":\"Wo Nerds und Spackn zu Hause sind\",\"potentialAction\":[{\"@type\":\"SearchAction\",\"target\":{\"@type\":\"EntryPoint\",\"urlTemplate\":\"http:\/\/bafh-clan.de\/?s={search_term_string}\"},\"query-input\":\"required name=search_term_string\"}],\"inLanguage\":\"de\"},{\"@type\":\"Person\",\"@id\":\"http:\/\/bafh-clan.de\/#\/schema\/person\/80d5ffbd4cd24ec86d510a85a892f0cc\",\"name\":\"Grobi\",\"image\":{\"@type\":\"ImageObject\",\"inLanguage\":\"de\",\"@id\":\"http:\/\/bafh-clan.de\/#\/schema\/person\/image\/\",\"url\":\"http:\/\/0.gravatar.com\/avatar\/341aaebda59ef085cd5b5f9701e4dd04?s=96&d=mm&r=g\",\"contentUrl\":\"http:\/\/0.gravatar.com\/avatar\/341aaebda59ef085cd5b5f9701e4dd04?s=96&d=mm&r=g\",\"caption\":\"Grobi\"}}]}<\/script>\n<!-- \/ Yoast SEO plugin. -->","yoast_head_json":{"title":"Start der Tour de France - bafh-clan.de","robots":{"index":"noindex","follow":"follow"},"og_locale":"de_DE","og_type":"article","og_title":"Start der Tour de France - bafh-clan.de","og_description":"Die diesj\u00e4hrige Tour de France beginnt heute, und zwar mit einem Einzelzeitfahren in D\u00fcsseldorf. Auch die morgige Etappe startet in D\u00fcsseldorf und f\u00fchrt dann nach L\u00fcttich. Also eine gute Chance f\u00fcr die Radsportbegeisterten, die Tour in Deutschland einmal hautnah zu &hellip; Weiterlesen &rarr;","og_url":"http:\/\/bafh-clan.de\/?p=369","og_site_name":"bafh-clan.de","article_published_time":"2017-07-01T04:17:13+00:00","author":"Grobi","twitter_card":"summary_large_image","twitter_misc":{"Verfasst von":"Grobi"},"schema":{"@context":"https:\/\/schema.org","@graph":[{"@type":"WebPage","@id":"http:\/\/bafh-clan.de\/?p=369","url":"http:\/\/bafh-clan.de\/?p=369","name":"Start der Tour de France - bafh-clan.de","isPartOf":{"@id":"http:\/\/bafh-clan.de\/#website"},"datePublished":"2017-07-01T04:17:13+00:00","dateModified":"2017-07-01T04:17:13+00:00","author":{"@id":"http:\/\/bafh-clan.de\/#\/schema\/person\/80d5ffbd4cd24ec86d510a85a892f0cc"},"breadcrumb":{"@id":"http:\/\/bafh-clan.de\/?p=369#breadcrumb"},"inLanguage":"de","potentialAction":[{"@type":"ReadAction","target":["http:\/\/bafh-clan.de\/?p=369"]}]},{"@type":"BreadcrumbList","@id":"http:\/\/bafh-clan.de\/?p=369#breadcrumb","itemListElement":[{"@type":"ListItem","position":1,"name":"Startseite","item":"http:\/\/bafh-clan.de\/"},{"@type":"ListItem","position":2,"name":"Start der Tour de France"}]},{"@type":"WebSite","@id":"http:\/\/bafh-clan.de\/#website","url":"http:\/\/bafh-clan.de\/","name":"bafh-clan.de","description":"Wo Nerds und Spackn zu Hause sind","potentialAction":[{"@type":"SearchAction","target":{"@type":"EntryPoint","urlTemplate":"http:\/\/bafh-clan.de\/?s={search_term_string}"},"query-input":"required name=search_term_string"}],"inLanguage":"de"},{"@type":"Person","@id":"http:\/\/bafh-clan.de\/#\/schema\/person\/80d5ffbd4cd24ec86d510a85a892f0cc","name":"Grobi","image":{"@type":"ImageObject","inLanguage":"de","@id":"http:\/\/bafh-clan.de\/#\/schema\/person\/image\/","url":"http:\/\/0.gravatar.com\/avatar\/341aaebda59ef085cd5b5f9701e4dd04?s=96&d=mm&r=g","contentUrl":"http:\/\/0.gravatar.com\/avatar\/341aaebda59ef085cd5b5f9701e4dd04?s=96&d=mm&r=g","caption":"Grobi"}}]}},"_links":{"self":[{"href":"http:\/\/bafh-clan.de\/index.php?rest_route=\/wp\/v2\/posts\/369"}],"collection":[{"href":"http:\/\/bafh-clan.de\/index.php?rest_route=\/wp\/v2\/posts"}],"about":[{"href":"http:\/\/bafh-clan.de\/index.php?rest_route=\/wp\/v2\/types\/post"}],"author":[{"embeddable":true,"href":"http:\/\/bafh-clan.de\/index.php?rest_route=\/wp\/v2\/users\/2"}],"replies":[{"embeddable":true,"href":"http:\/\/bafh-clan.de\/index.php?rest_route=%2Fwp%2Fv2%2Fcomments&post=369"}],"version-history":[{"count":1,"href":"http:\/\/bafh-clan.de\/index.php?rest_route=\/wp\/v2\/posts\/369\/revisions"}],"predecessor-version":[{"id":370,"href":"http:\/\/bafh-clan.de\/index.php?rest_route=\/wp\/v2\/posts\/369\/revisions\/370"}],"wp:attachment":[{"href":"http:\/\/bafh-clan.de\/index.php?rest_route=%2Fwp%2Fv2%2Fmedia&parent=369"}],"wp:term":[{"taxonomy":"category","embeddable":true,"href":"http:\/\/bafh-clan.de\/index.php?rest_route=%2Fwp%2Fv2%2Fcategories&post=369"},{"taxonomy":"post_tag","embeddable":true,"href":"http:\/\/bafh-clan.de\/index.php?rest_route=%2Fwp%2Fv2%2Ftags&post=369"}],"curies":[{"name":"wp","href":"https:\/\/api.w.org\/{rel}","templated":true}]}}